{"id":2033,"date":"2026-03-17T12:11:25","date_gmt":"2026-03-17T15:11:25","guid":{"rendered":"https:\/\/blog.plenum.bio\/?p=2033"},"modified":"2026-03-17T12:12:38","modified_gmt":"2026-03-17T15:12:38","slug":"plenum-bioengenharia-minas-gerais","status":"publish","type":"post","link":"https:\/\/blog.plenum.bio\/?p=2033","title":{"rendered":"Plenum Bioengenharia amplia presen\u00e7a nacional com nova filial em Minas Gerais"},"content":{"rendered":"<h2><span style=\"font-weight: 400;\">Um novo passo na expans\u00e3o da bioengenharia aplicada \u00e0 sa\u00fade no Brasil<\/span><\/h2>\n<p><span style=\"font-weight: 400;\">A <\/span><b>Plenum Bioengenharia<\/b><span style=\"font-weight: 400;\"> segue avan\u00e7ando em sua estrat\u00e9gia de crescimento e fortalecimento da presen\u00e7a nacional. Como parte desse movimento, anunciamos a abertura oficial da <\/span><b>filial Plenum Minas Gerais<\/b><span style=\"font-weight: 400;\">.<\/span><\/p>\n<p><span style=\"font-weight: 400;\">A nova unidade nasce com o objetivo de aproximar ainda mais a Plenum dos profissionais da regi\u00e3o, ampliando a capacidade de atendimento e oferecendo suporte local qualificado para quem utiliza nossas solu\u00e7\u00f5es em sa\u00fade, regenera\u00e7\u00e3o tecidual e implantodontia.<\/span><\/p>\n<p><span style=\"font-weight: 400;\">Essa expans\u00e3o representa mais um marco no compromisso da empresa em levar <\/span><b>tecnologia, ci\u00eancia e inova\u00e7\u00e3o<\/b><span style=\"font-weight: 400;\"> a diferentes regi\u00f5es do pa\u00eds, fortalecendo uma rede cada vez mais pr\u00f3xima de quem transforma vidas diariamente.<\/span><\/p>\n<p><img decoding=\"async\" class=\"aligncenter wp-image-2035 size-large\" src=\"https:\/\/blog.plenum.bio\/wp-content\/uploads\/2026\/03\/presenca-plenum-1-1024x576.png\" alt=\"\" width=\"1024\" height=\"576\" srcset=\"https:\/\/blog.plenum.bio\/wp-content\/uploads\/2026\/03\/presenca-plenum-1-1024x576.png 1024w, https:\/\/blog.plenum.bio\/wp-content\/uploads\/2026\/03\/presenca-plenum-1-300x169.png 300w, https:\/\/blog.plenum.bio\/wp-content\/uploads\/2026\/03\/presenca-plenum-1-768x432.png 768w, https:\/\/blog.plenum.bio\/wp-content\/uploads\/2026\/03\/presenca-plenum-1-1536x864.png 1536w, https:\/\/blog.plenum.bio\/wp-content\/uploads\/2026\/03\/presenca-plenum-1.png 1920w\" sizes=\"(max-width: 1024px) 100vw, 1024px\" \/><\/p>\n<h2><span style=\"font-weight: 400;\">Compromisso com a inova\u00e7\u00e3o em sa\u00fade<\/span><\/h2>\n<p><span style=\"font-weight: 400;\">A <\/span><b>Plenum Bioengenharia<\/b><span style=\"font-weight: 400;\"> \u00e9 uma empresa brasileira dedicada ao desenvolvimento de solu\u00e7\u00f5es tecnol\u00f3gicas para a \u00e1rea da sa\u00fade. Com forte base cient\u00edfica e investimento cont\u00ednuo em pesquisa e desenvolvimento, a empresa atua na cria\u00e7\u00e3o de biomateriais avan\u00e7ados, tecnologias regenerativas e solu\u00e7\u00f5es que contribuem para procedimentos mais seguros, previs\u00edveis e eficientes.<\/span><\/p>\n<p><span style=\"font-weight: 400;\">Embora seja amplamente reconhecida no segmento odontol\u00f3gico, especialmente em implantodontia e regenera\u00e7\u00e3o \u00f3ssea, a atua\u00e7\u00e3o da Plenum vai al\u00e9m desse campo, abrangendo <\/span><b>bioengenharia aplicada \u00e0 sa\u00fade de forma ampla<\/b><span style=\"font-weight: 400;\">, com foco em regenera\u00e7\u00e3o tecidual, biomateriais sint\u00e9ticos e tecnologias m\u00e9dicas inovadoras.<\/span><\/p>\n<h2><span style=\"font-weight: 400;\">Belo Horizonte: um polo estrat\u00e9gico para a sa\u00fade e a inova\u00e7\u00e3o<\/span><\/h2>\n<p><span style=\"font-weight: 400;\">A escolha de <\/span><b>Belo Horizonte<\/b><span style=\"font-weight: 400;\"> para sediar a nova filial n\u00e3o foi por acaso. Minas Gerais possui uma das comunidades m\u00e9dicas e odontol\u00f3gicas mais relevantes do pa\u00eds, al\u00e9m de universidades, centros de pesquisa e institui\u00e7\u00f5es de sa\u00fade de grande refer\u00eancia.<\/span><\/p>\n<p><span style=\"font-weight: 400;\">Estar presente na regi\u00e3o permite \u00e0 Plenum fortalecer o relacionamento com profissionais, distribuidores e institui\u00e7\u00f5es acad\u00eamicas, contribuindo para o avan\u00e7o da ci\u00eancia aplicada \u00e0 sa\u00fade e ampliando o acesso a tecnologias inovadoras.<\/span><\/p>\n<p><span style=\"font-weight: 400;\">A filial tamb\u00e9m refor\u00e7a a estrat\u00e9gia da empresa de construir uma presen\u00e7a regional s\u00f3lida, capaz de oferecer suporte mais pr\u00f3ximo e \u00e1gil \u00e0s necessidades do mercado.<\/span><\/p>\n<h3><b>Proximidade, agilidade e presen\u00e7a regional<\/b><\/h3>\n<p><span style=\"font-weight: 400;\">A abertura da filial Minas Gerais tem como principais objetivos:<\/span><\/p>\n<p><span style=\"font-weight: 400;\">\u2714 <\/span><b>Proximidade com os profissionais da regi\u00e3o<\/b><b><br \/>\n<\/b><span style=\"font-weight: 400;\"> \u2714 <\/span><b>Agilidade no atendimento e suporte t\u00e9cnico<\/b><b><br \/>\n<\/b><span style=\"font-weight: 400;\"> \u2714 <\/span><b>Presen\u00e7a regional estrat\u00e9gica<\/b><b><br \/>\n<\/b><span style=\"font-weight: 400;\"> \u2714 <\/span><b>Atendimento local qualificado<\/b><b><br \/>\n<\/b><span style=\"font-weight: 400;\"> \u2714 <\/span><b>Crescimento estruturado da marca<\/b><\/p>\n<p><span style=\"font-weight: 400;\">Inicialmente, a unidade ser\u00e1 respons\u00e1vel pelo atendimento da <\/span><b>linha Plenum Dental<\/b><span style=\"font-weight: 400;\">, oferecendo suporte direto aos profissionais da regi\u00e3o. Com a evolu\u00e7\u00e3o da estrutura operacional, a filial poder\u00e1 tamb\u00e9m contribuir com a <\/span><b>log\u00edstica e distribui\u00e7\u00e3o para outras localidades<\/b><span style=\"font-weight: 400;\">, ampliando a efici\u00eancia do atendimento nacional.<\/span><\/p>\n<h2><span style=\"font-weight: 400;\">Parceria local e fortalecimento da presen\u00e7a nacional<\/span><\/h2>\n<p><span style=\"font-weight: 400;\">A nova filial foi instalada <\/span><b>em parceria com a Promo Dental<\/b><span style=\"font-weight: 400;\">, fortalecendo a conex\u00e3o com o mercado regional e ampliando a capacidade de atendimento aos profissionais da \u00e1rea da sa\u00fade.<\/span><\/p>\n<h2><span style=\"font-weight: 400;\">Conectando inova\u00e7\u00e3o, bioengenharia e cuidado com a vida<\/span><\/h2>\n<p><span style=\"font-weight: 400;\">A abertura da filial Minas Gerais faz parte de um plano mais amplo de crescimento da Plenum Bioengenharia, baseado em tr\u00eas pilares fundamentais:<\/span><\/p>\n<p><b>inova\u00e7\u00e3o tecnol\u00f3gica, presen\u00e7a estrat\u00e9gica e proximidade com o usu\u00e1rio.<\/b><\/p>\n<p><span style=\"font-weight: 400;\">Com a nova filial em Minas Gerais, a Plenum Bioengenharia reafirma seu compromisso com o desenvolvimento da sa\u00fade no Brasil e com a constru\u00e7\u00e3o de um futuro baseado em ci\u00eancia, tecnologia e colabora\u00e7\u00e3o.<\/span><\/p>\n<p><span style=\"font-weight: 400;\">Seguimos avan\u00e7ando com um modelo de expans\u00e3o estruturado, levando <\/span><b>inova\u00e7\u00e3o, qualidade e presen\u00e7a estrat\u00e9gica<\/b><span style=\"font-weight: 400;\"> a cada vez mais regi\u00f5es.<\/span><\/p>\n<p><b>Plenum Bioengenharia: conectando inova\u00e7\u00e3o, regenerando sa\u00fade, expandindo possibilidades.<\/b><\/p>\n<h3><b>Localiza\u00e7\u00e3o da Filial Plenum em Belo Horizonte:<\/b><\/h3>\n<p><span style=\"font-weight: 400;\">Plenum Bioengenharia &#8211; Filial Belo Horizonte<\/span><\/p>\n<p><b>Endere\u00e7o<\/b><span style=\"font-weight: 400;\">: R. Avelino dos Santos, 145 &#8211; Nova Esperan\u00e7a, Belo Horizonte &#8211; MG, 31230-340<\/span><\/p>\n<p>&nbsp;<\/p>\n","protected":false},"excerpt":{"rendered":"<p>Um novo passo na expans\u00e3o da bioengenharia aplicada \u00e0 sa\u00fade no Brasil A Plenum Bioengenharia segue avan\u00e7ando em sua estrat\u00e9gia de crescimento e fortalecimento da&#8230;<\/p>\n","protected":false},"author":2,"featured_media":2036,"comment_status":"open","ping_status":"open","sticky":false,"template":"","format":"standard","meta":{"_joinchat":[],"footnotes":""},"categories":[11],"tags":[],"class_list":{"0":"post-2033","1":"post","2":"type-post","3":"status-publish","4":"format-standard","5":"has-post-thumbnail","7":"category-empreendedorismo"},"yoast_head":"<!-- This site is optimized with the Yoast SEO plugin v20.8 - https:\/\/yoast.com\/wordpress\/plugins\/seo\/ -->\n<title>Plenum Bioengenharia amplia com nova filial em Minas Gerais<\/title>\n<meta name=\"description\" content=\"Plenum Bioengenharia inaugura filial em Belo Horizonte para ampliar presen\u00e7a nacional e oferecer atendimento mais \u00e1gil aos profissionais.\" \/>\n<meta name=\"robots\" content=\"index, follow, max-snippet:-1, max-image-preview:large, max-video-preview:-1\" \/>\n<link rel=\"canonical\" href=\"https:\/\/blog.plenum.bio\/?p=2033\" \/>\n<meta property=\"og:locale\" content=\"pt_BR\" \/>\n<meta property=\"og:type\" content=\"article\" \/>\n<meta property=\"og:title\" content=\"Plenum Bioengenharia amplia com nova filial em Minas Gerais\" \/>\n<meta property=\"og:description\" content=\"Plenum Bioengenharia inaugura filial em Belo Horizonte para ampliar presen\u00e7a nacional e oferecer atendimento mais \u00e1gil aos profissionais.\" \/>\n<meta property=\"og:url\" content=\"https:\/\/blog.plenum.bio\/?p=2033\" \/>\n<meta property=\"og:site_name\" content=\"Blog | Plenum.Bio\" \/>\n<meta property=\"article:publisher\" content=\"https:\/\/www.facebook.com\/plenumbioengenharia\" \/>\n<meta property=\"article:published_time\" content=\"2026-03-17T15:11:25+00:00\" \/>\n<meta property=\"article:modified_time\" content=\"2026-03-17T15:12:38+00:00\" \/>\n<meta property=\"og:image\" content=\"https:\/\/blog.plenum.bio\/wp-content\/uploads\/2026\/03\/unnamed.jpg\" \/>\n\t<meta property=\"og:image:width\" content=\"1600\" \/>\n\t<meta property=\"og:image:height\" content=\"1199\" \/>\n\t<meta property=\"og:image:type\" content=\"image\/jpeg\" \/>\n<meta name=\"author\" content=\"Plenum Bioengenharia\" \/>\n<meta name=\"twitter:card\" content=\"summary_large_image\" \/>\n<meta name=\"twitter:label1\" content=\"Escrito por\" \/>\n\t<meta name=\"twitter:data1\" content=\"Plenum Bioengenharia\" \/>\n\t<meta name=\"twitter:label2\" content=\"Est. tempo de leitura\" \/>\n\t<meta name=\"twitter:data2\" content=\"4 minutos\" \/>\n<script type=\"application\/ld+json\" class=\"yoast-schema-graph\">{\"@context\":\"https:\/\/schema.org\",\"@graph\":[{\"@type\":\"Article\",\"@id\":\"https:\/\/blog.plenum.bio\/?p=2033#article\",\"isPartOf\":{\"@id\":\"https:\/\/blog.plenum.bio\/?p=2033\"},\"author\":{\"name\":\"Plenum Bioengenharia\",\"@id\":\"https:\/\/blog.plenum.bio\/#\/schema\/person\/50f83bea798ea4ba7b5dadb856542643\"},\"headline\":\"Plenum Bioengenharia amplia presen\u00e7a nacional com nova filial em Minas Gerais\",\"datePublished\":\"2026-03-17T15:11:25+00:00\",\"dateModified\":\"2026-03-17T15:12:38+00:00\",\"mainEntityOfPage\":{\"@id\":\"https:\/\/blog.plenum.bio\/?p=2033\"},\"wordCount\":661,\"commentCount\":0,\"publisher\":{\"@id\":\"https:\/\/blog.plenum.bio\/#organization\"},\"articleSection\":[\"Empreendedorismo\"],\"inLanguage\":\"pt-BR\",\"potentialAction\":[{\"@type\":\"CommentAction\",\"name\":\"Comment\",\"target\":[\"https:\/\/blog.plenum.bio\/?p=2033#respond\"]}]},{\"@type\":\"WebPage\",\"@id\":\"https:\/\/blog.plenum.bio\/?p=2033\",\"url\":\"https:\/\/blog.plenum.bio\/?p=2033\",\"name\":\"Plenum Bioengenharia amplia com nova filial em Minas Gerais\",\"isPartOf\":{\"@id\":\"https:\/\/blog.plenum.bio\/#website\"},\"datePublished\":\"2026-03-17T15:11:25+00:00\",\"dateModified\":\"2026-03-17T15:12:38+00:00\",\"description\":\"Plenum Bioengenharia inaugura filial em Belo Horizonte para ampliar presen\u00e7a nacional e oferecer atendimento mais \u00e1gil aos profissionais.\",\"breadcrumb\":{\"@id\":\"https:\/\/blog.plenum.bio\/?p=2033#breadcrumb\"},\"inLanguage\":\"pt-BR\",\"potentialAction\":[{\"@type\":\"ReadAction\",\"target\":[\"https:\/\/blog.plenum.bio\/?p=2033\"]}]},{\"@type\":\"BreadcrumbList\",\"@id\":\"https:\/\/blog.plenum.bio\/?p=2033#breadcrumb\",\"itemListElement\":[{\"@type\":\"ListItem\",\"position\":1,\"name\":\"In\u00edcio\",\"item\":\"https:\/\/blog.plenum.bio\/\"},{\"@type\":\"ListItem\",\"position\":2,\"name\":\"Plenum Bioengenharia amplia presen\u00e7a nacional com nova filial em Minas Gerais\"}]},{\"@type\":\"WebSite\",\"@id\":\"https:\/\/blog.plenum.bio\/#website\",\"url\":\"https:\/\/blog.plenum.bio\/\",\"name\":\"Blog | Plenum.Bio\",\"description\":\"\",\"publisher\":{\"@id\":\"https:\/\/blog.plenum.bio\/#organization\"},\"potentialAction\":[{\"@type\":\"SearchAction\",\"target\":{\"@type\":\"EntryPoint\",\"urlTemplate\":\"https:\/\/blog.plenum.bio\/?s={search_term_string}\"},\"query-input\":\"required name=search_term_string\"}],\"inLanguage\":\"pt-BR\"},{\"@type\":\"Organization\",\"@id\":\"https:\/\/blog.plenum.bio\/#organization\",\"name\":\"Plenum\",\"url\":\"https:\/\/blog.plenum.bio\/\",\"logo\":{\"@type\":\"ImageObject\",\"inLanguage\":\"pt-BR\",\"@id\":\"https:\/\/blog.plenum.bio\/#\/schema\/logo\/image\/\",\"url\":\"https:\/\/blog.plenum.bio\/wp-content\/uploads\/2021\/02\/2019-Insight-Plenum.-Logo-Plenum-Branco-e1569694681425.png\",\"contentUrl\":\"https:\/\/blog.plenum.bio\/wp-content\/uploads\/2021\/02\/2019-Insight-Plenum.-Logo-Plenum-Branco-e1569694681425.png\",\"width\":147,\"height\":41,\"caption\":\"Plenum\"},\"image\":{\"@id\":\"https:\/\/blog.plenum.bio\/#\/schema\/logo\/image\/\"},\"sameAs\":[\"https:\/\/www.facebook.com\/plenumbioengenharia\",\"https:\/\/www.instagram.com\/plenum.bioengenharia\/\",\"https:\/\/www.youtube.com\/c\/PlenumBioengenharia\"]},{\"@type\":\"Person\",\"@id\":\"https:\/\/blog.plenum.bio\/#\/schema\/person\/50f83bea798ea4ba7b5dadb856542643\",\"name\":\"Plenum Bioengenharia\",\"image\":{\"@type\":\"ImageObject\",\"inLanguage\":\"pt-BR\",\"@id\":\"https:\/\/blog.plenum.bio\/#\/schema\/person\/image\/\",\"url\":\"https:\/\/secure.gravatar.com\/avatar\/1fe6c9c7285ba9488fdd02085cedc251e9df8d93740d5e4b34b00439248afe1e?s=96&d=mm&r=g\",\"contentUrl\":\"https:\/\/secure.gravatar.com\/avatar\/1fe6c9c7285ba9488fdd02085cedc251e9df8d93740d5e4b34b00439248afe1e?s=96&d=mm&r=g\",\"caption\":\"Plenum Bioengenharia\"},\"sameAs\":[\"https:\/\/plenum.bio\"],\"url\":\"https:\/\/blog.plenum.bio\/?author=2\"}]}<\/script>\n<!-- \/ Yoast SEO plugin. -->","yoast_head_json":{"title":"Plenum Bioengenharia amplia com nova filial em Minas Gerais","description":"Plenum Bioengenharia inaugura filial em Belo Horizonte para ampliar presen\u00e7a nacional e oferecer atendimento mais \u00e1gil aos profissionais.","robots":{"index":"index","follow":"follow","max-snippet":"max-snippet:-1","max-image-preview":"max-image-preview:large","max-video-preview":"max-video-preview:-1"},"canonical":"https:\/\/blog.plenum.bio\/?p=2033","og_locale":"pt_BR","og_type":"article","og_title":"Plenum Bioengenharia amplia com nova filial em Minas Gerais","og_description":"Plenum Bioengenharia inaugura filial em Belo Horizonte para ampliar presen\u00e7a nacional e oferecer atendimento mais \u00e1gil aos profissionais.","og_url":"https:\/\/blog.plenum.bio\/?p=2033","og_site_name":"Blog | Plenum.Bio","article_publisher":"https:\/\/www.facebook.com\/plenumbioengenharia","article_published_time":"2026-03-17T15:11:25+00:00","article_modified_time":"2026-03-17T15:12:38+00:00","og_image":[{"width":1600,"height":1199,"url":"https:\/\/blog.plenum.bio\/wp-content\/uploads\/2026\/03\/unnamed.jpg","type":"image\/jpeg"}],"author":"Plenum Bioengenharia","twitter_card":"summary_large_image","twitter_misc":{"Escrito por":"Plenum Bioengenharia","Est. tempo de leitura":"4 minutos"},"schema":{"@context":"https:\/\/schema.org","@graph":[{"@type":"Article","@id":"https:\/\/blog.plenum.bio\/?p=2033#article","isPartOf":{"@id":"https:\/\/blog.plenum.bio\/?p=2033"},"author":{"name":"Plenum Bioengenharia","@id":"https:\/\/blog.plenum.bio\/#\/schema\/person\/50f83bea798ea4ba7b5dadb856542643"},"headline":"Plenum Bioengenharia amplia presen\u00e7a nacional com nova filial em Minas Gerais","datePublished":"2026-03-17T15:11:25+00:00","dateModified":"2026-03-17T15:12:38+00:00","mainEntityOfPage":{"@id":"https:\/\/blog.plenum.bio\/?p=2033"},"wordCount":661,"commentCount":0,"publisher":{"@id":"https:\/\/blog.plenum.bio\/#organization"},"articleSection":["Empreendedorismo"],"inLanguage":"pt-BR","potentialAction":[{"@type":"CommentAction","name":"Comment","target":["https:\/\/blog.plenum.bio\/?p=2033#respond"]}]},{"@type":"WebPage","@id":"https:\/\/blog.plenum.bio\/?p=2033","url":"https:\/\/blog.plenum.bio\/?p=2033","name":"Plenum Bioengenharia amplia com nova filial em Minas Gerais","isPartOf":{"@id":"https:\/\/blog.plenum.bio\/#website"},"datePublished":"2026-03-17T15:11:25+00:00","dateModified":"2026-03-17T15:12:38+00:00","description":"Plenum Bioengenharia inaugura filial em Belo Horizonte para ampliar presen\u00e7a nacional e oferecer atendimento mais \u00e1gil aos profissionais.","breadcrumb":{"@id":"https:\/\/blog.plenum.bio\/?p=2033#breadcrumb"},"inLanguage":"pt-BR","potentialAction":[{"@type":"ReadAction","target":["https:\/\/blog.plenum.bio\/?p=2033"]}]},{"@type":"BreadcrumbList","@id":"https:\/\/blog.plenum.bio\/?p=2033#breadcrumb","itemListElement":[{"@type":"ListItem","position":1,"name":"In\u00edcio","item":"https:\/\/blog.plenum.bio\/"},{"@type":"ListItem","position":2,"name":"Plenum Bioengenharia amplia presen\u00e7a nacional com nova filial em Minas Gerais"}]},{"@type":"WebSite","@id":"https:\/\/blog.plenum.bio\/#website","url":"https:\/\/blog.plenum.bio\/","name":"Blog | Plenum.Bio","description":"","publisher":{"@id":"https:\/\/blog.plenum.bio\/#organization"},"potentialAction":[{"@type":"SearchAction","target":{"@type":"EntryPoint","urlTemplate":"https:\/\/blog.plenum.bio\/?s={search_term_string}"},"query-input":"required name=search_term_string"}],"inLanguage":"pt-BR"},{"@type":"Organization","@id":"https:\/\/blog.plenum.bio\/#organization","name":"Plenum","url":"https:\/\/blog.plenum.bio\/","logo":{"@type":"ImageObject","inLanguage":"pt-BR","@id":"https:\/\/blog.plenum.bio\/#\/schema\/logo\/image\/","url":"https:\/\/blog.plenum.bio\/wp-content\/uploads\/2021\/02\/2019-Insight-Plenum.-Logo-Plenum-Branco-e1569694681425.png","contentUrl":"https:\/\/blog.plenum.bio\/wp-content\/uploads\/2021\/02\/2019-Insight-Plenum.-Logo-Plenum-Branco-e1569694681425.png","width":147,"height":41,"caption":"Plenum"},"image":{"@id":"https:\/\/blog.plenum.bio\/#\/schema\/logo\/image\/"},"sameAs":["https:\/\/www.facebook.com\/plenumbioengenharia","https:\/\/www.instagram.com\/plenum.bioengenharia\/","https:\/\/www.youtube.com\/c\/PlenumBioengenharia"]},{"@type":"Person","@id":"https:\/\/blog.plenum.bio\/#\/schema\/person\/50f83bea798ea4ba7b5dadb856542643","name":"Plenum Bioengenharia","image":{"@type":"ImageObject","inLanguage":"pt-BR","@id":"https:\/\/blog.plenum.bio\/#\/schema\/person\/image\/","url":"https:\/\/secure.gravatar.com\/avatar\/1fe6c9c7285ba9488fdd02085cedc251e9df8d93740d5e4b34b00439248afe1e?s=96&d=mm&r=g","contentUrl":"https:\/\/secure.gravatar.com\/avatar\/1fe6c9c7285ba9488fdd02085cedc251e9df8d93740d5e4b34b00439248afe1e?s=96&d=mm&r=g","caption":"Plenum Bioengenharia"},"sameAs":["https:\/\/plenum.bio"],"url":"https:\/\/blog.plenum.bio\/?author=2"}]}},"_links":{"self":[{"href":"https:\/\/blog.plenum.bio\/index.php?rest_route=\/wp\/v2\/posts\/2033","targetHints":{"allow":["GET"]}}],"collection":[{"href":"https:\/\/blog.plenum.bio\/index.php?rest_route=\/wp\/v2\/posts"}],"about":[{"href":"https:\/\/blog.plenum.bio\/index.php?rest_route=\/wp\/v2\/types\/post"}],"author":[{"embeddable":true,"href":"https:\/\/blog.plenum.bio\/index.php?rest_route=\/wp\/v2\/users\/2"}],"replies":[{"embeddable":true,"href":"https:\/\/blog.plenum.bio\/index.php?rest_route=%2Fwp%2Fv2%2Fcomments&post=2033"}],"version-history":[{"count":2,"href":"https:\/\/blog.plenum.bio\/index.php?rest_route=\/wp\/v2\/posts\/2033\/revisions"}],"predecessor-version":[{"id":2038,"href":"https:\/\/blog.plenum.bio\/index.php?rest_route=\/wp\/v2\/posts\/2033\/revisions\/2038"}],"wp:featuredmedia":[{"embeddable":true,"href":"https:\/\/blog.plenum.bio\/index.php?rest_route=\/wp\/v2\/media\/2036"}],"wp:attachment":[{"href":"https:\/\/blog.plenum.bio\/index.php?rest_route=%2Fwp%2Fv2%2Fmedia&parent=2033"}],"wp:term":[{"taxonomy":"category","embeddable":true,"href":"https:\/\/blog.plenum.bio\/index.php?rest_route=%2Fwp%2Fv2%2Fcategories&post=2033"},{"taxonomy":"post_tag","embeddable":true,"href":"https:\/\/blog.plenum.bio\/index.php?rest_route=%2Fwp%2Fv2%2Ftags&post=2033"}],"curies":[{"name":"wp","href":"https:\/\/api.w.org\/{rel}","templated":true}]}}