{"id":2009,"date":"2025-12-12T10:21:37","date_gmt":"2025-12-12T13:21:37","guid":{"rendered":"https:\/\/blog.plenum.bio\/?p=2009"},"modified":"2025-12-12T10:20:53","modified_gmt":"2025-12-12T13:20:53","slug":"centro-de-distribuicao-plenum-em-sp","status":"publish","type":"post","link":"https:\/\/blog.plenum.bio\/?p=2009","title":{"rendered":"Plenum inaugura Centro de Distribui\u00e7\u00e3o em S\u00e3o Paulo"},"content":{"rendered":"<h2><span style=\"font-weight: 400;\">Fortalecendo a presen\u00e7a log\u00edstica na Cidade de S\u00e3o Paulo<\/span><\/h2>\n<p><span style=\"font-weight: 400;\">A Plenum Bioengenharia deu mais um passo estrat\u00e9gico em sua trajet\u00f3ria de crescimento: a <\/span><b>inaugura\u00e7\u00e3o de um novo Centro de Distribui\u00e7\u00e3o (CD) em S\u00e3o Paulo<\/b><span style=\"font-weight: 400;\">. Com o prop\u00f3sito de otimizar os prazos e aumentar a efici\u00eancia log\u00edstica, essa nova unidade representa um importante avan\u00e7o na opera\u00e7\u00e3o da empresa.<\/span><\/p>\n<p><span style=\"font-weight: 400;\">Localizado em um ponto estrat\u00e9gico da capital paulista, o novo CD permitir\u00e1 uma <\/span><b>resposta ainda mais r\u00e1pida aos pedidos de cirurgi\u00f5es-dentistas, cl\u00ednicas e hospitais da regi\u00e3o metropolitana<\/b><span style=\"font-weight: 400;\"> e de todo o estado de S\u00e3o Paulo, um dos principais polos da sa\u00fade brasileira.<\/span><\/p>\n<blockquote><p><span style=\"font-weight: 400;\"><em>\u201cEstamos otimistas com o crescimento e expans\u00e3o da Plenum. Cada decis\u00e3o est\u00e1 sendo minuciosamente pensada para oferecer a melhor experi\u00eancia em inova\u00e7\u00e3o para nossos clientes e parceiros, e este novo endere\u00e7o faz parte dessa estrat\u00e9gia\u201d.<\/em><br \/>\nDestaca o CEO da Plenum, Marcelo Mazzolani.<\/span><\/p><\/blockquote>\n<h2><span style=\"font-weight: 400;\">Mais agilidade para quem transforma vidas<\/span><\/h2>\n<p><span style=\"font-weight: 400;\">A nova estrutura log\u00edstica foi pensada para apoiar diretamente os profissionais da sa\u00fade que j\u00e1 utilizam ou desejam incorporar as solu\u00e7\u00f5es da Plenum em seus procedimentos. Entre os destaques do portf\u00f3lio da empresa est\u00e3o:<\/span><\/p>\n<ul>\n<li style=\"font-weight: 400;\" aria-level=\"1\"><b>Implantes dent\u00e1rios produzidos em impress\u00e3o 3D<\/b><span style=\"font-weight: 400;\">, tecnologia que promove maior estabilidade \u00f3ssea, previsibilidade cl\u00ednica e reduz riscos de falhas no processo de osseointegra\u00e7\u00e3o.<\/span><\/li>\n<li style=\"font-weight: 400;\" aria-level=\"1\"><b>Linha de regenerativos 100% sint\u00e9ticos<\/b><span style=\"font-weight: 400;\">, livres de origem animal e humana, desenvolvidos para atender \u00e0s exig\u00eancias das \u00e1reas de odontologia, ortopedia, cirurgia bucomaxilofacial, periodontia e outras especialidades cir\u00fargicas.<\/span><\/li>\n<\/ul>\n<p><span style=\"font-weight: 400;\">Esses biomateriais oferecem alto desempenho biol\u00f3gico com baixa resposta imunog\u00eanica, sendo seguros, vers\u00e1teis e biocompat\u00edveis.<\/span><\/p>\n<p>&nbsp;<\/p>\n<h2><span style=\"font-weight: 400;\">Expans\u00e3o com foco em inova\u00e7\u00e3o<\/span><\/h2>\n<p><span style=\"font-weight: 400;\">Desde sua funda\u00e7\u00e3o, a Plenum tem como prop\u00f3sito impulsionar a <\/span><b>inova\u00e7\u00e3o na bioengenharia aplicada \u00e0 sa\u00fade complementar<\/b><span style=\"font-weight: 400;\">, desenvolvendo solu\u00e7\u00f5es que integram ci\u00eancia, tecnologia e cuidado em todas as etapas, da pesquisa ao atendimento cl\u00ednico.<\/span><\/p>\n<p><span style=\"font-weight: 400;\">Com um centro de pesquisa pr\u00f3prio em Jundia\u00ed e atua\u00e7\u00e3o nacional, a empresa investe continuamente em produtos de alta performance que apoiam profissionais da <\/span><b>odontologia, medicina regenerativa, ortopedia, cirurgia bucomaxilofacial<\/b><span style=\"font-weight: 400;\">, entre outras especialidades.<\/span><\/p>\n<p><span style=\"font-weight: 400;\">A inaugura\u00e7\u00e3o do novo Centro de Distribui\u00e7\u00e3o na cidade de S\u00e3o Paulo refor\u00e7a esse compromisso: <\/span><b>garantir que solu\u00e7\u00f5es avan\u00e7adas e seguras cheguem com agilidade aos profissionais da sa\u00fade e seus pacientes em todo o Brasil<\/b><span style=\"font-weight: 400;\">.<\/span><\/p>\n<p>&nbsp;<\/p>\n","protected":false},"excerpt":{"rendered":"<p>Fortalecendo a presen\u00e7a log\u00edstica na Cidade de S\u00e3o Paulo A Plenum Bioengenharia deu mais um passo estrat\u00e9gico em sua trajet\u00f3ria de crescimento: a inaugura\u00e7\u00e3o de&#8230;<\/p>\n","protected":false},"author":2,"featured_media":2010,"comment_status":"open","ping_status":"open","sticky":false,"template":"","format":"standard","meta":{"_joinchat":[],"footnotes":""},"categories":[1],"tags":[],"class_list":{"0":"post-2009","1":"post","2":"type-post","3":"status-publish","4":"format-standard","5":"has-post-thumbnail","7":"category-componentes"},"yoast_head":"<!-- This site is optimized with the Yoast SEO plugin v20.8 - https:\/\/yoast.com\/wordpress\/plugins\/seo\/ -->\n<title>Plenum inaugura Centro de Distribui\u00e7\u00e3o em S\u00e3o Paulo - Blog | Plenum.Bio<\/title>\n<meta name=\"description\" content=\"Plenum inaugura novo CD em SP e refor\u00e7a sua log\u00edstica para levar inova\u00e7\u00e3o em bioengenharia e sa\u00fade com mais agilidade e efici\u00eancia.\" \/>\n<meta name=\"robots\" content=\"index, follow, max-snippet:-1, max-image-preview:large, max-video-preview:-1\" \/>\n<link rel=\"canonical\" href=\"https:\/\/blog.plenum.bio\/?p=2009\" \/>\n<meta property=\"og:locale\" content=\"pt_BR\" \/>\n<meta property=\"og:type\" content=\"article\" \/>\n<meta property=\"og:title\" content=\"Plenum inaugura Centro de Distribui\u00e7\u00e3o em S\u00e3o Paulo - Blog | Plenum.Bio\" \/>\n<meta property=\"og:description\" content=\"Plenum inaugura novo CD em SP e refor\u00e7a sua log\u00edstica para levar inova\u00e7\u00e3o em bioengenharia e sa\u00fade com mais agilidade e efici\u00eancia.\" \/>\n<meta property=\"og:url\" content=\"https:\/\/blog.plenum.bio\/?p=2009\" \/>\n<meta property=\"og:site_name\" content=\"Blog | Plenum.Bio\" \/>\n<meta property=\"article:publisher\" content=\"https:\/\/www.facebook.com\/plenumbioengenharia\" \/>\n<meta property=\"article:published_time\" content=\"2025-12-12T13:21:37+00:00\" \/>\n<meta property=\"article:modified_time\" content=\"2025-12-12T13:20:53+00:00\" \/>\n<meta property=\"og:image\" content=\"https:\/\/blog.plenum.bio\/wp-content\/uploads\/2025\/12\/cd-plenum-sao-paulo-min-scaled.jpeg\" \/>\n\t<meta property=\"og:image:width\" content=\"2560\" \/>\n\t<meta property=\"og:image:height\" content=\"1707\" \/>\n\t<meta property=\"og:image:type\" content=\"image\/jpeg\" \/>\n<meta name=\"author\" content=\"Plenum Bioengenharia\" \/>\n<meta name=\"twitter:card\" content=\"summary_large_image\" \/>\n<meta name=\"twitter:label1\" content=\"Escrito por\" \/>\n\t<meta name=\"twitter:data1\" content=\"Plenum Bioengenharia\" \/>\n\t<meta name=\"twitter:label2\" content=\"Est. tempo de leitura\" \/>\n\t<meta name=\"twitter:data2\" content=\"2 minutos\" \/>\n<script type=\"application\/ld+json\" class=\"yoast-schema-graph\">{\"@context\":\"https:\/\/schema.org\",\"@graph\":[{\"@type\":\"Article\",\"@id\":\"https:\/\/blog.plenum.bio\/?p=2009#article\",\"isPartOf\":{\"@id\":\"https:\/\/blog.plenum.bio\/?p=2009\"},\"author\":{\"name\":\"Plenum Bioengenharia\",\"@id\":\"https:\/\/blog.plenum.bio\/#\/schema\/person\/50f83bea798ea4ba7b5dadb856542643\"},\"headline\":\"Plenum inaugura Centro de Distribui\u00e7\u00e3o em S\u00e3o Paulo\",\"datePublished\":\"2025-12-12T13:21:37+00:00\",\"dateModified\":\"2025-12-12T13:20:53+00:00\",\"mainEntityOfPage\":{\"@id\":\"https:\/\/blog.plenum.bio\/?p=2009\"},\"wordCount\":424,\"commentCount\":0,\"publisher\":{\"@id\":\"https:\/\/blog.plenum.bio\/#organization\"},\"articleSection\":[\"Componentes\"],\"inLanguage\":\"pt-BR\",\"potentialAction\":[{\"@type\":\"CommentAction\",\"name\":\"Comment\",\"target\":[\"https:\/\/blog.plenum.bio\/?p=2009#respond\"]}]},{\"@type\":\"WebPage\",\"@id\":\"https:\/\/blog.plenum.bio\/?p=2009\",\"url\":\"https:\/\/blog.plenum.bio\/?p=2009\",\"name\":\"Plenum inaugura Centro de Distribui\u00e7\u00e3o em S\u00e3o Paulo - Blog | Plenum.Bio\",\"isPartOf\":{\"@id\":\"https:\/\/blog.plenum.bio\/#website\"},\"datePublished\":\"2025-12-12T13:21:37+00:00\",\"dateModified\":\"2025-12-12T13:20:53+00:00\",\"description\":\"Plenum inaugura novo CD em SP e refor\u00e7a sua log\u00edstica para levar inova\u00e7\u00e3o em bioengenharia e sa\u00fade com mais agilidade e efici\u00eancia.\",\"breadcrumb\":{\"@id\":\"https:\/\/blog.plenum.bio\/?p=2009#breadcrumb\"},\"inLanguage\":\"pt-BR\",\"potentialAction\":[{\"@type\":\"ReadAction\",\"target\":[\"https:\/\/blog.plenum.bio\/?p=2009\"]}]},{\"@type\":\"BreadcrumbList\",\"@id\":\"https:\/\/blog.plenum.bio\/?p=2009#breadcrumb\",\"itemListElement\":[{\"@type\":\"ListItem\",\"position\":1,\"name\":\"In\u00edcio\",\"item\":\"https:\/\/blog.plenum.bio\/\"},{\"@type\":\"ListItem\",\"position\":2,\"name\":\"Plenum inaugura Centro de Distribui\u00e7\u00e3o em S\u00e3o Paulo\"}]},{\"@type\":\"WebSite\",\"@id\":\"https:\/\/blog.plenum.bio\/#website\",\"url\":\"https:\/\/blog.plenum.bio\/\",\"name\":\"Blog | Plenum.Bio\",\"description\":\"\",\"publisher\":{\"@id\":\"https:\/\/blog.plenum.bio\/#organization\"},\"potentialAction\":[{\"@type\":\"SearchAction\",\"target\":{\"@type\":\"EntryPoint\",\"urlTemplate\":\"https:\/\/blog.plenum.bio\/?s={search_term_string}\"},\"query-input\":\"required name=search_term_string\"}],\"inLanguage\":\"pt-BR\"},{\"@type\":\"Organization\",\"@id\":\"https:\/\/blog.plenum.bio\/#organization\",\"name\":\"Plenum\",\"url\":\"https:\/\/blog.plenum.bio\/\",\"logo\":{\"@type\":\"ImageObject\",\"inLanguage\":\"pt-BR\",\"@id\":\"https:\/\/blog.plenum.bio\/#\/schema\/logo\/image\/\",\"url\":\"https:\/\/blog.plenum.bio\/wp-content\/uploads\/2021\/02\/2019-Insight-Plenum.-Logo-Plenum-Branco-e1569694681425.png\",\"contentUrl\":\"https:\/\/blog.plenum.bio\/wp-content\/uploads\/2021\/02\/2019-Insight-Plenum.-Logo-Plenum-Branco-e1569694681425.png\",\"width\":147,\"height\":41,\"caption\":\"Plenum\"},\"image\":{\"@id\":\"https:\/\/blog.plenum.bio\/#\/schema\/logo\/image\/\"},\"sameAs\":[\"https:\/\/www.facebook.com\/plenumbioengenharia\",\"https:\/\/www.instagram.com\/plenum.bioengenharia\/\",\"https:\/\/www.youtube.com\/c\/PlenumBioengenharia\"]},{\"@type\":\"Person\",\"@id\":\"https:\/\/blog.plenum.bio\/#\/schema\/person\/50f83bea798ea4ba7b5dadb856542643\",\"name\":\"Plenum Bioengenharia\",\"image\":{\"@type\":\"ImageObject\",\"inLanguage\":\"pt-BR\",\"@id\":\"https:\/\/blog.plenum.bio\/#\/schema\/person\/image\/\",\"url\":\"https:\/\/secure.gravatar.com\/avatar\/1fe6c9c7285ba9488fdd02085cedc251e9df8d93740d5e4b34b00439248afe1e?s=96&d=mm&r=g\",\"contentUrl\":\"https:\/\/secure.gravatar.com\/avatar\/1fe6c9c7285ba9488fdd02085cedc251e9df8d93740d5e4b34b00439248afe1e?s=96&d=mm&r=g\",\"caption\":\"Plenum Bioengenharia\"},\"sameAs\":[\"https:\/\/plenum.bio\"],\"url\":\"https:\/\/blog.plenum.bio\/?author=2\"}]}<\/script>\n<!-- \/ Yoast SEO plugin. -->","yoast_head_json":{"title":"Plenum inaugura Centro de Distribui\u00e7\u00e3o em S\u00e3o Paulo - Blog | Plenum.Bio","description":"Plenum inaugura novo CD em SP e refor\u00e7a sua log\u00edstica para levar inova\u00e7\u00e3o em bioengenharia e sa\u00fade com mais agilidade e efici\u00eancia.","robots":{"index":"index","follow":"follow","max-snippet":"max-snippet:-1","max-image-preview":"max-image-preview:large","max-video-preview":"max-video-preview:-1"},"canonical":"https:\/\/blog.plenum.bio\/?p=2009","og_locale":"pt_BR","og_type":"article","og_title":"Plenum inaugura Centro de Distribui\u00e7\u00e3o em S\u00e3o Paulo - Blog | Plenum.Bio","og_description":"Plenum inaugura novo CD em SP e refor\u00e7a sua log\u00edstica para levar inova\u00e7\u00e3o em bioengenharia e sa\u00fade com mais agilidade e efici\u00eancia.","og_url":"https:\/\/blog.plenum.bio\/?p=2009","og_site_name":"Blog | Plenum.Bio","article_publisher":"https:\/\/www.facebook.com\/plenumbioengenharia","article_published_time":"2025-12-12T13:21:37+00:00","article_modified_time":"2025-12-12T13:20:53+00:00","og_image":[{"width":2560,"height":1707,"url":"https:\/\/blog.plenum.bio\/wp-content\/uploads\/2025\/12\/cd-plenum-sao-paulo-min-scaled.jpeg","type":"image\/jpeg"}],"author":"Plenum Bioengenharia","twitter_card":"summary_large_image","twitter_misc":{"Escrito por":"Plenum Bioengenharia","Est. tempo de leitura":"2 minutos"},"schema":{"@context":"https:\/\/schema.org","@graph":[{"@type":"Article","@id":"https:\/\/blog.plenum.bio\/?p=2009#article","isPartOf":{"@id":"https:\/\/blog.plenum.bio\/?p=2009"},"author":{"name":"Plenum Bioengenharia","@id":"https:\/\/blog.plenum.bio\/#\/schema\/person\/50f83bea798ea4ba7b5dadb856542643"},"headline":"Plenum inaugura Centro de Distribui\u00e7\u00e3o em S\u00e3o Paulo","datePublished":"2025-12-12T13:21:37+00:00","dateModified":"2025-12-12T13:20:53+00:00","mainEntityOfPage":{"@id":"https:\/\/blog.plenum.bio\/?p=2009"},"wordCount":424,"commentCount":0,"publisher":{"@id":"https:\/\/blog.plenum.bio\/#organization"},"articleSection":["Componentes"],"inLanguage":"pt-BR","potentialAction":[{"@type":"CommentAction","name":"Comment","target":["https:\/\/blog.plenum.bio\/?p=2009#respond"]}]},{"@type":"WebPage","@id":"https:\/\/blog.plenum.bio\/?p=2009","url":"https:\/\/blog.plenum.bio\/?p=2009","name":"Plenum inaugura Centro de Distribui\u00e7\u00e3o em S\u00e3o Paulo - Blog | Plenum.Bio","isPartOf":{"@id":"https:\/\/blog.plenum.bio\/#website"},"datePublished":"2025-12-12T13:21:37+00:00","dateModified":"2025-12-12T13:20:53+00:00","description":"Plenum inaugura novo CD em SP e refor\u00e7a sua log\u00edstica para levar inova\u00e7\u00e3o em bioengenharia e sa\u00fade com mais agilidade e efici\u00eancia.","breadcrumb":{"@id":"https:\/\/blog.plenum.bio\/?p=2009#breadcrumb"},"inLanguage":"pt-BR","potentialAction":[{"@type":"ReadAction","target":["https:\/\/blog.plenum.bio\/?p=2009"]}]},{"@type":"BreadcrumbList","@id":"https:\/\/blog.plenum.bio\/?p=2009#breadcrumb","itemListElement":[{"@type":"ListItem","position":1,"name":"In\u00edcio","item":"https:\/\/blog.plenum.bio\/"},{"@type":"ListItem","position":2,"name":"Plenum inaugura Centro de Distribui\u00e7\u00e3o em S\u00e3o Paulo"}]},{"@type":"WebSite","@id":"https:\/\/blog.plenum.bio\/#website","url":"https:\/\/blog.plenum.bio\/","name":"Blog | Plenum.Bio","description":"","publisher":{"@id":"https:\/\/blog.plenum.bio\/#organization"},"potentialAction":[{"@type":"SearchAction","target":{"@type":"EntryPoint","urlTemplate":"https:\/\/blog.plenum.bio\/?s={search_term_string}"},"query-input":"required name=search_term_string"}],"inLanguage":"pt-BR"},{"@type":"Organization","@id":"https:\/\/blog.plenum.bio\/#organization","name":"Plenum","url":"https:\/\/blog.plenum.bio\/","logo":{"@type":"ImageObject","inLanguage":"pt-BR","@id":"https:\/\/blog.plenum.bio\/#\/schema\/logo\/image\/","url":"https:\/\/blog.plenum.bio\/wp-content\/uploads\/2021\/02\/2019-Insight-Plenum.-Logo-Plenum-Branco-e1569694681425.png","contentUrl":"https:\/\/blog.plenum.bio\/wp-content\/uploads\/2021\/02\/2019-Insight-Plenum.-Logo-Plenum-Branco-e1569694681425.png","width":147,"height":41,"caption":"Plenum"},"image":{"@id":"https:\/\/blog.plenum.bio\/#\/schema\/logo\/image\/"},"sameAs":["https:\/\/www.facebook.com\/plenumbioengenharia","https:\/\/www.instagram.com\/plenum.bioengenharia\/","https:\/\/www.youtube.com\/c\/PlenumBioengenharia"]},{"@type":"Person","@id":"https:\/\/blog.plenum.bio\/#\/schema\/person\/50f83bea798ea4ba7b5dadb856542643","name":"Plenum Bioengenharia","image":{"@type":"ImageObject","inLanguage":"pt-BR","@id":"https:\/\/blog.plenum.bio\/#\/schema\/person\/image\/","url":"https:\/\/secure.gravatar.com\/avatar\/1fe6c9c7285ba9488fdd02085cedc251e9df8d93740d5e4b34b00439248afe1e?s=96&d=mm&r=g","contentUrl":"https:\/\/secure.gravatar.com\/avatar\/1fe6c9c7285ba9488fdd02085cedc251e9df8d93740d5e4b34b00439248afe1e?s=96&d=mm&r=g","caption":"Plenum Bioengenharia"},"sameAs":["https:\/\/plenum.bio"],"url":"https:\/\/blog.plenum.bio\/?author=2"}]}},"_links":{"self":[{"href":"https:\/\/blog.plenum.bio\/index.php?rest_route=\/wp\/v2\/posts\/2009","targetHints":{"allow":["GET"]}}],"collection":[{"href":"https:\/\/blog.plenum.bio\/index.php?rest_route=\/wp\/v2\/posts"}],"about":[{"href":"https:\/\/blog.plenum.bio\/index.php?rest_route=\/wp\/v2\/types\/post"}],"author":[{"embeddable":true,"href":"https:\/\/blog.plenum.bio\/index.php?rest_route=\/wp\/v2\/users\/2"}],"replies":[{"embeddable":true,"href":"https:\/\/blog.plenum.bio\/index.php?rest_route=%2Fwp%2Fv2%2Fcomments&post=2009"}],"version-history":[{"count":3,"href":"https:\/\/blog.plenum.bio\/index.php?rest_route=\/wp\/v2\/posts\/2009\/revisions"}],"predecessor-version":[{"id":2014,"href":"https:\/\/blog.plenum.bio\/index.php?rest_route=\/wp\/v2\/posts\/2009\/revisions\/2014"}],"wp:featuredmedia":[{"embeddable":true,"href":"https:\/\/blog.plenum.bio\/index.php?rest_route=\/wp\/v2\/media\/2010"}],"wp:attachment":[{"href":"https:\/\/blog.plenum.bio\/index.php?rest_route=%2Fwp%2Fv2%2Fmedia&parent=2009"}],"wp:term":[{"taxonomy":"category","embeddable":true,"href":"https:\/\/blog.plenum.bio\/index.php?rest_route=%2Fwp%2Fv2%2Fcategories&post=2009"},{"taxonomy":"post_tag","embeddable":true,"href":"https:\/\/blog.plenum.bio\/index.php?rest_route=%2Fwp%2Fv2%2Ftags&post=2009"}],"curies":[{"name":"wp","href":"https:\/\/api.w.org\/{rel}","templated":true}]}}