{"id":139,"date":"2021-07-12T19:14:17","date_gmt":"2021-07-12T19:14:17","guid":{"rendered":"https:\/\/wordpressblog.plenum.bio\/?p=139"},"modified":"2021-08-02T14:53:39","modified_gmt":"2021-08-02T14:53:39","slug":"impantes-short","status":"publish","type":"post","link":"https:\/\/blog.plenum.bio\/?p=139","title":{"rendered":"Implante Short &#8211; Indica\u00e7\u00f5es e Benef\u00edcios"},"content":{"rendered":"[vc_row type=&#8221;in_container&#8221; full_screen_row_position=&#8221;middle&#8221; scene_position=&#8221;center&#8221; text_color=&#8221;dark&#8221; text_align=&#8221;left&#8221; overlay_strength=&#8221;0.3&#8243; shape_divider_position=&#8221;bottom&#8221; bg_image_animation=&#8221;none&#8221;][vc_column column_padding=&#8221;no-extra-padding&#8221; column_padding_position=&#8221;all&#8221; background_color_opacity=&#8221;1&#8243; background_hover_color_opacity=&#8221;1&#8243; column_link_target=&#8221;_self&#8221; column_shadow=&#8221;none&#8221; column_border_radius=&#8221;none&#8221; width=&#8221;1\/1&#8243; tablet_width_inherit=&#8221;default&#8221; tablet_text_alignment=&#8221;default&#8221; phone_text_alignment=&#8221;default&#8221; column_border_width=&#8221;none&#8221; column_border_style=&#8221;solid&#8221; bg_image_animation=&#8221;none&#8221;][vc_column_text]\n<h1><strong>O que \u00e9 um implante curto (short)?<\/strong><\/h1>\n<p>N\u00e3o existe um consenso sobre a defini\u00e7\u00e3o exata sobre o comprimento de um implante curto. Mas a teoria mais aceita \u00e9 a que classifica implantes com altura menor ou igual a 7mm como curto, ou do ingl\u00eas, short.<\/p>\n<p>Um dos requisitos b\u00e1sicos para o sucesso na reabilita\u00e7\u00e3o de pacientes ed\u00eantulos com implantes dentais osseointegrados \u00e9 a capacidade que esse implante tem de resistir aos esfor\u00e7os mastigat\u00f3rios sem sobrecarregar os tecidos adjacentes. Sendo assim, \u00e9 natural que os implantes short, al\u00e9m da altura reduzida, apresente um maior di\u00e2metro quando comparados aos implantes convencionais. O maior di\u00e2metro, aumenta a superf\u00edcie de contato osso-implante contribuindo diretamente para a distribui\u00e7\u00e3o dos esfor\u00e7os mastigat\u00f3rios e para a resist\u00eancia mec\u00e2nica dos implantes curtos. Recentes revis\u00f5es sistem\u00e1ticas* demonstraram que implantes curtos para pr\u00f3teses m\u00faltiplas s\u00e3o op\u00e7\u00f5es vi\u00e1veis para reabilita\u00e7\u00e3o de rebordos atr\u00f3ficos com \u00edndice de sucesso compar\u00e1veis aos implantes de maior comprimento (&gt;8mm).<\/p>\n<p>Os Implantes Plenum da Fam\u00edlia Short, apresentam alturas de 5, 6 e 7mm, com di\u00e2metros de 4,5mm, 5mm e 6mm. E s\u00e3o indicados para a reabilita\u00e7\u00e3o das regi\u00f5es posteriores de mand\u00edbula e maxila, em pr\u00f3teses unit\u00e1rias e m\u00faltiplas, cimentas ou parafusadas. Vale ressaltarque para pr\u00f3teses unit\u00e1rias, implantes de 6 e 7mm de comprimento s\u00e3o mais indicados por apresentarem, segundo a literatura, \u00edndices de sucessos compar\u00e1veis aos implantes de maior comprimento (&gt;8mm) por per\u00edodos de acompanhamento de at\u00e9 1 ano.<\/p>\n<h1><strong>Qual \u00e9 a indica\u00e7\u00e3o dos implantes curtos?<\/strong><\/h1>\n<p>Quando pensamos na instala\u00e7\u00e3o de implantes dentais, uma das primeiras quest\u00f5es que precisam ser avaliadas \u00e9 a disponibilidade \u00f3ssea: existe espessura e altura suficientes para a instala\u00e7\u00e3o de implantes naquela regi\u00e3o? Em regi\u00e3o posterior de mand\u00edbula e maxila, onde o canal mandibular e o assoalho do seio maxilar est\u00e3o, respectivamente, presentes a instala\u00e7\u00e3o de implantes de alturas convencionais se torna um desafio para o cirurgi\u00e3o, principalmente nos casos em que procedimentos regenerativos n\u00e3o sejam op\u00e7\u00f5es vi\u00e1veis. Nesses casos, os implantes short s\u00e3o uma excelente op\u00e7\u00e3o quando bem indicados, pois apresentam menor risco de morbidade e t\u00e9cnica relativamente simples de instala\u00e7\u00e3o, quando comparados aos procedimentos de reconstru\u00e7\u00e3o dos processos alveolares utilizando regenera\u00e7\u00e3o \u00f3ssea guiada.<\/p>\n<p>*\u00a0Kulkarni\u00a0V,\u00a0Uttamani\u00a0JR, Asar NV,\u00a0Nares\u00a0S,\u00a0T\u00f6z\u00fcm\u00a0TF.\u00a0Evidence-Based\u00a0Clinical\u00a0Outcomes\u00a0of\u00a0Immediate\u00a0and\u00a0Early\u00a0Loading\u00a0of\u00a0Short\u00a0Endosseous\u00a0Dental\u00a0Implants: A Meta-analysis.\u00a0Int\u00a0J Oral\u00a0Maxillofac\u00a0Implants. 2021 Jan-Feb;36(1):59-67.\u00a0doi: 10.11607\/jomi.8541. PMID: 33600524.<\/p>\n<p>*\u00a0Tolentino da Rosa de Souza P,\u00a0Binhame\u00a0Albini Martini M, Reis Azevedo-Alanis L. Do short\u00a0implants\u00a0have\u00a0similar\u00a0survival\u00a0rates\u00a0compared\u00a0to\u00a0standard\u00a0implants\u00a0in posterior single\u00a0crown?: A\u00a0systematic\u00a0review\u00a0and\u00a0meta-analysis.\u00a0Clin\u00a0Implant\u00a0Dent\u00a0Relat\u00a0Res. 2018 Oct;20(5):890-901.\u00a0doi: 10.1111\/cid.12634.\u00a0Epub\u00a02018 Jul 27. PMID: 30051949.<\/p>\n<p>*\u00a0Carosi\u00a0P, Lorenzi C,\u00a0Laureti\u00a0M,\u00a0Ferrigno\u00a0N,\u00a0Arcuri\u00a0C. Short Dental\u00a0Implants\u00a0(\u2264 6 mm)\u00a0to\u00a0Rehabilitate\u00a0Severe\u00a0Mandibular\u00a0Atrophy: A\u00a0Systematic\u00a0Review.\u00a0Int\u00a0J Oral\u00a0Maxillofac\u00a0Implants. 2021 Jan-Feb;36(1):30-37.\u00a0doi: 10.11607\/jomi.8510. PMID: 33600520.[\/vc_column_text][\/vc_column][\/vc_row]\n","protected":false},"excerpt":{"rendered":"<p>[vc_row type=&#8221;in_container&#8221; full_screen_row_position=&#8221;middle&#8221; scene_position=&#8221;center&#8221; text_color=&#8221;dark&#8221; text_align=&#8221;left&#8221; overlay_strength=&#8221;0.3&#8243; shape_divider_position=&#8221;bottom&#8221; bg_image_animation=&#8221;none&#8221;][vc_column column_padding=&#8221;no-extra-padding&#8221; column_padding_position=&#8221;all&#8221; background_color_opacity=&#8221;1&#8243; background_hover_color_opacity=&#8221;1&#8243; column_link_target=&#8221;_self&#8221; column_shadow=&#8221;none&#8221; column_border_radius=&#8221;none&#8221; width=&#8221;1\/1&#8243; tablet_width_inherit=&#8221;default&#8221; tablet_text_alignment=&#8221;default&#8221; phone_text_alignment=&#8221;default&#8221; column_border_width=&#8221;none&#8221; column_border_style=&#8221;solid&#8221; bg_image_animation=&#8221;none&#8221;][vc_column_text] O que&#8230;<\/p>\n","protected":false},"author":2,"featured_media":143,"comment_status":"open","ping_status":"open","sticky":false,"template":"","format":"standard","meta":{"_joinchat":[],"footnotes":""},"categories":[3,9],"tags":[],"class_list":{"0":"post-139","1":"post","2":"type-post","3":"status-publish","4":"format-standard","5":"has-post-thumbnail","7":"category-implantes","8":"category-produtos"},"yoast_head":"<!-- This site is optimized with the Yoast SEO plugin v20.8 - https:\/\/yoast.com\/wordpress\/plugins\/seo\/ -->\n<title>Implante Short - Indica\u00e7\u00f5es e Benef\u00edcios | Plenum Bioengenharia<\/title>\n<meta name=\"description\" content=\"Voc\u00ea sabe o que \u00e9 um implante curto? N\u00e3o existe um consenso sobre a defini\u00e7\u00e3o exata sobre o comprimento de um implante curto... Leia Mais!\" \/>\n<meta name=\"robots\" content=\"index, follow, max-snippet:-1, max-image-preview:large, max-video-preview:-1\" \/>\n<link rel=\"canonical\" href=\"https:\/\/blog.plenum.bio\/?p=139\" \/>\n<meta property=\"og:locale\" content=\"pt_BR\" \/>\n<meta property=\"og:type\" content=\"article\" \/>\n<meta property=\"og:title\" content=\"Implante Short - Indica\u00e7\u00f5es e Benef\u00edcios | Plenum Bioengenharia\" \/>\n<meta property=\"og:description\" content=\"Voc\u00ea sabe o que \u00e9 um implante curto? N\u00e3o existe um consenso sobre a defini\u00e7\u00e3o exata sobre o comprimento de um implante curto... Leia Mais!\" \/>\n<meta property=\"og:url\" content=\"https:\/\/blog.plenum.bio\/?p=139\" \/>\n<meta property=\"og:site_name\" content=\"Blog | Plenum.Bio\" \/>\n<meta property=\"article:publisher\" content=\"https:\/\/www.facebook.com\/plenumbioengenharia\" \/>\n<meta property=\"article:published_time\" content=\"2021-07-12T19:14:17+00:00\" \/>\n<meta property=\"article:modified_time\" content=\"2021-08-02T14:53:39+00:00\" \/>\n<meta property=\"og:image\" content=\"https:\/\/blog.plenum.bio\/wp-content\/uploads\/2021\/07\/implante-short_indicacoes-e-beneficios-clinicos.jpg\" \/>\n\t<meta property=\"og:image:width\" content=\"800\" \/>\n\t<meta property=\"og:image:height\" content=\"675\" \/>\n\t<meta property=\"og:image:type\" content=\"image\/jpeg\" \/>\n<meta name=\"author\" content=\"Plenum Bioengenharia\" \/>\n<meta name=\"twitter:card\" content=\"summary_large_image\" \/>\n<meta name=\"twitter:label1\" content=\"Escrito por\" \/>\n\t<meta name=\"twitter:data1\" content=\"Plenum Bioengenharia\" \/>\n\t<meta name=\"twitter:label2\" content=\"Est. tempo de leitura\" \/>\n\t<meta name=\"twitter:data2\" content=\"3 minutos\" \/>\n<script type=\"application\/ld+json\" class=\"yoast-schema-graph\">{\"@context\":\"https:\/\/schema.org\",\"@graph\":[{\"@type\":\"Article\",\"@id\":\"https:\/\/blog.plenum.bio\/?p=139#article\",\"isPartOf\":{\"@id\":\"https:\/\/blog.plenum.bio\/?p=139\"},\"author\":{\"name\":\"Plenum Bioengenharia\",\"@id\":\"https:\/\/blog.plenum.bio\/#\/schema\/person\/50f83bea798ea4ba7b5dadb856542643\"},\"headline\":\"Implante Short &#8211; Indica\u00e7\u00f5es e Benef\u00edcios\",\"datePublished\":\"2021-07-12T19:14:17+00:00\",\"dateModified\":\"2021-08-02T14:53:39+00:00\",\"mainEntityOfPage\":{\"@id\":\"https:\/\/blog.plenum.bio\/?p=139\"},\"wordCount\":617,\"commentCount\":0,\"publisher\":{\"@id\":\"https:\/\/blog.plenum.bio\/#organization\"},\"articleSection\":[\"Implantes\",\"Produtos\"],\"inLanguage\":\"pt-BR\",\"potentialAction\":[{\"@type\":\"CommentAction\",\"name\":\"Comment\",\"target\":[\"https:\/\/blog.plenum.bio\/?p=139#respond\"]}]},{\"@type\":\"WebPage\",\"@id\":\"https:\/\/blog.plenum.bio\/?p=139\",\"url\":\"https:\/\/blog.plenum.bio\/?p=139\",\"name\":\"Implante Short - Indica\u00e7\u00f5es e Benef\u00edcios | Plenum Bioengenharia\",\"isPartOf\":{\"@id\":\"https:\/\/blog.plenum.bio\/#website\"},\"datePublished\":\"2021-07-12T19:14:17+00:00\",\"dateModified\":\"2021-08-02T14:53:39+00:00\",\"description\":\"Voc\u00ea sabe o que \u00e9 um implante curto? N\u00e3o existe um consenso sobre a defini\u00e7\u00e3o exata sobre o comprimento de um implante curto... Leia Mais!\",\"breadcrumb\":{\"@id\":\"https:\/\/blog.plenum.bio\/?p=139#breadcrumb\"},\"inLanguage\":\"pt-BR\",\"potentialAction\":[{\"@type\":\"ReadAction\",\"target\":[\"https:\/\/blog.plenum.bio\/?p=139\"]}]},{\"@type\":\"BreadcrumbList\",\"@id\":\"https:\/\/blog.plenum.bio\/?p=139#breadcrumb\",\"itemListElement\":[{\"@type\":\"ListItem\",\"position\":1,\"name\":\"In\u00edcio\",\"item\":\"https:\/\/blog.plenum.bio\/\"},{\"@type\":\"ListItem\",\"position\":2,\"name\":\"Implante Short &#8211; Indica\u00e7\u00f5es e Benef\u00edcios\"}]},{\"@type\":\"WebSite\",\"@id\":\"https:\/\/blog.plenum.bio\/#website\",\"url\":\"https:\/\/blog.plenum.bio\/\",\"name\":\"Blog | Plenum.Bio\",\"description\":\"\",\"publisher\":{\"@id\":\"https:\/\/blog.plenum.bio\/#organization\"},\"potentialAction\":[{\"@type\":\"SearchAction\",\"target\":{\"@type\":\"EntryPoint\",\"urlTemplate\":\"https:\/\/blog.plenum.bio\/?s={search_term_string}\"},\"query-input\":\"required name=search_term_string\"}],\"inLanguage\":\"pt-BR\"},{\"@type\":\"Organization\",\"@id\":\"https:\/\/blog.plenum.bio\/#organization\",\"name\":\"Plenum\",\"url\":\"https:\/\/blog.plenum.bio\/\",\"logo\":{\"@type\":\"ImageObject\",\"inLanguage\":\"pt-BR\",\"@id\":\"https:\/\/blog.plenum.bio\/#\/schema\/logo\/image\/\",\"url\":\"https:\/\/blog.plenum.bio\/wp-content\/uploads\/2021\/02\/2019-Insight-Plenum.-Logo-Plenum-Branco-e1569694681425.png\",\"contentUrl\":\"https:\/\/blog.plenum.bio\/wp-content\/uploads\/2021\/02\/2019-Insight-Plenum.-Logo-Plenum-Branco-e1569694681425.png\",\"width\":147,\"height\":41,\"caption\":\"Plenum\"},\"image\":{\"@id\":\"https:\/\/blog.plenum.bio\/#\/schema\/logo\/image\/\"},\"sameAs\":[\"https:\/\/www.facebook.com\/plenumbioengenharia\",\"https:\/\/www.instagram.com\/plenum.bioengenharia\/\",\"https:\/\/www.youtube.com\/c\/PlenumBioengenharia\"]},{\"@type\":\"Person\",\"@id\":\"https:\/\/blog.plenum.bio\/#\/schema\/person\/50f83bea798ea4ba7b5dadb856542643\",\"name\":\"Plenum Bioengenharia\",\"image\":{\"@type\":\"ImageObject\",\"inLanguage\":\"pt-BR\",\"@id\":\"https:\/\/blog.plenum.bio\/#\/schema\/person\/image\/\",\"url\":\"https:\/\/secure.gravatar.com\/avatar\/1fe6c9c7285ba9488fdd02085cedc251e9df8d93740d5e4b34b00439248afe1e?s=96&d=mm&r=g\",\"contentUrl\":\"https:\/\/secure.gravatar.com\/avatar\/1fe6c9c7285ba9488fdd02085cedc251e9df8d93740d5e4b34b00439248afe1e?s=96&d=mm&r=g\",\"caption\":\"Plenum Bioengenharia\"},\"sameAs\":[\"https:\/\/plenum.bio\"],\"url\":\"https:\/\/blog.plenum.bio\/?author=2\"}]}<\/script>\n<!-- \/ Yoast SEO plugin. -->","yoast_head_json":{"title":"Implante Short - Indica\u00e7\u00f5es e Benef\u00edcios | Plenum Bioengenharia","description":"Voc\u00ea sabe o que \u00e9 um implante curto? N\u00e3o existe um consenso sobre a defini\u00e7\u00e3o exata sobre o comprimento de um implante curto... Leia Mais!","robots":{"index":"index","follow":"follow","max-snippet":"max-snippet:-1","max-image-preview":"max-image-preview:large","max-video-preview":"max-video-preview:-1"},"canonical":"https:\/\/blog.plenum.bio\/?p=139","og_locale":"pt_BR","og_type":"article","og_title":"Implante Short - Indica\u00e7\u00f5es e Benef\u00edcios | Plenum Bioengenharia","og_description":"Voc\u00ea sabe o que \u00e9 um implante curto? N\u00e3o existe um consenso sobre a defini\u00e7\u00e3o exata sobre o comprimento de um implante curto... Leia Mais!","og_url":"https:\/\/blog.plenum.bio\/?p=139","og_site_name":"Blog | Plenum.Bio","article_publisher":"https:\/\/www.facebook.com\/plenumbioengenharia","article_published_time":"2021-07-12T19:14:17+00:00","article_modified_time":"2021-08-02T14:53:39+00:00","og_image":[{"width":800,"height":675,"url":"https:\/\/blog.plenum.bio\/wp-content\/uploads\/2021\/07\/implante-short_indicacoes-e-beneficios-clinicos.jpg","type":"image\/jpeg"}],"author":"Plenum Bioengenharia","twitter_card":"summary_large_image","twitter_misc":{"Escrito por":"Plenum Bioengenharia","Est. tempo de leitura":"3 minutos"},"schema":{"@context":"https:\/\/schema.org","@graph":[{"@type":"Article","@id":"https:\/\/blog.plenum.bio\/?p=139#article","isPartOf":{"@id":"https:\/\/blog.plenum.bio\/?p=139"},"author":{"name":"Plenum Bioengenharia","@id":"https:\/\/blog.plenum.bio\/#\/schema\/person\/50f83bea798ea4ba7b5dadb856542643"},"headline":"Implante Short &#8211; Indica\u00e7\u00f5es e Benef\u00edcios","datePublished":"2021-07-12T19:14:17+00:00","dateModified":"2021-08-02T14:53:39+00:00","mainEntityOfPage":{"@id":"https:\/\/blog.plenum.bio\/?p=139"},"wordCount":617,"commentCount":0,"publisher":{"@id":"https:\/\/blog.plenum.bio\/#organization"},"articleSection":["Implantes","Produtos"],"inLanguage":"pt-BR","potentialAction":[{"@type":"CommentAction","name":"Comment","target":["https:\/\/blog.plenum.bio\/?p=139#respond"]}]},{"@type":"WebPage","@id":"https:\/\/blog.plenum.bio\/?p=139","url":"https:\/\/blog.plenum.bio\/?p=139","name":"Implante Short - Indica\u00e7\u00f5es e Benef\u00edcios | Plenum Bioengenharia","isPartOf":{"@id":"https:\/\/blog.plenum.bio\/#website"},"datePublished":"2021-07-12T19:14:17+00:00","dateModified":"2021-08-02T14:53:39+00:00","description":"Voc\u00ea sabe o que \u00e9 um implante curto? N\u00e3o existe um consenso sobre a defini\u00e7\u00e3o exata sobre o comprimento de um implante curto... Leia Mais!","breadcrumb":{"@id":"https:\/\/blog.plenum.bio\/?p=139#breadcrumb"},"inLanguage":"pt-BR","potentialAction":[{"@type":"ReadAction","target":["https:\/\/blog.plenum.bio\/?p=139"]}]},{"@type":"BreadcrumbList","@id":"https:\/\/blog.plenum.bio\/?p=139#breadcrumb","itemListElement":[{"@type":"ListItem","position":1,"name":"In\u00edcio","item":"https:\/\/blog.plenum.bio\/"},{"@type":"ListItem","position":2,"name":"Implante Short &#8211; Indica\u00e7\u00f5es e Benef\u00edcios"}]},{"@type":"WebSite","@id":"https:\/\/blog.plenum.bio\/#website","url":"https:\/\/blog.plenum.bio\/","name":"Blog | Plenum.Bio","description":"","publisher":{"@id":"https:\/\/blog.plenum.bio\/#organization"},"potentialAction":[{"@type":"SearchAction","target":{"@type":"EntryPoint","urlTemplate":"https:\/\/blog.plenum.bio\/?s={search_term_string}"},"query-input":"required name=search_term_string"}],"inLanguage":"pt-BR"},{"@type":"Organization","@id":"https:\/\/blog.plenum.bio\/#organization","name":"Plenum","url":"https:\/\/blog.plenum.bio\/","logo":{"@type":"ImageObject","inLanguage":"pt-BR","@id":"https:\/\/blog.plenum.bio\/#\/schema\/logo\/image\/","url":"https:\/\/blog.plenum.bio\/wp-content\/uploads\/2021\/02\/2019-Insight-Plenum.-Logo-Plenum-Branco-e1569694681425.png","contentUrl":"https:\/\/blog.plenum.bio\/wp-content\/uploads\/2021\/02\/2019-Insight-Plenum.-Logo-Plenum-Branco-e1569694681425.png","width":147,"height":41,"caption":"Plenum"},"image":{"@id":"https:\/\/blog.plenum.bio\/#\/schema\/logo\/image\/"},"sameAs":["https:\/\/www.facebook.com\/plenumbioengenharia","https:\/\/www.instagram.com\/plenum.bioengenharia\/","https:\/\/www.youtube.com\/c\/PlenumBioengenharia"]},{"@type":"Person","@id":"https:\/\/blog.plenum.bio\/#\/schema\/person\/50f83bea798ea4ba7b5dadb856542643","name":"Plenum Bioengenharia","image":{"@type":"ImageObject","inLanguage":"pt-BR","@id":"https:\/\/blog.plenum.bio\/#\/schema\/person\/image\/","url":"https:\/\/secure.gravatar.com\/avatar\/1fe6c9c7285ba9488fdd02085cedc251e9df8d93740d5e4b34b00439248afe1e?s=96&d=mm&r=g","contentUrl":"https:\/\/secure.gravatar.com\/avatar\/1fe6c9c7285ba9488fdd02085cedc251e9df8d93740d5e4b34b00439248afe1e?s=96&d=mm&r=g","caption":"Plenum Bioengenharia"},"sameAs":["https:\/\/plenum.bio"],"url":"https:\/\/blog.plenum.bio\/?author=2"}]}},"_links":{"self":[{"href":"https:\/\/blog.plenum.bio\/index.php?rest_route=\/wp\/v2\/posts\/139","targetHints":{"allow":["GET"]}}],"collection":[{"href":"https:\/\/blog.plenum.bio\/index.php?rest_route=\/wp\/v2\/posts"}],"about":[{"href":"https:\/\/blog.plenum.bio\/index.php?rest_route=\/wp\/v2\/types\/post"}],"author":[{"embeddable":true,"href":"https:\/\/blog.plenum.bio\/index.php?rest_route=\/wp\/v2\/users\/2"}],"replies":[{"embeddable":true,"href":"https:\/\/blog.plenum.bio\/index.php?rest_route=%2Fwp%2Fv2%2Fcomments&post=139"}],"version-history":[{"count":3,"href":"https:\/\/blog.plenum.bio\/index.php?rest_route=\/wp\/v2\/posts\/139\/revisions"}],"predecessor-version":[{"id":142,"href":"https:\/\/blog.plenum.bio\/index.php?rest_route=\/wp\/v2\/posts\/139\/revisions\/142"}],"wp:featuredmedia":[{"embeddable":true,"href":"https:\/\/blog.plenum.bio\/index.php?rest_route=\/wp\/v2\/media\/143"}],"wp:attachment":[{"href":"https:\/\/blog.plenum.bio\/index.php?rest_route=%2Fwp%2Fv2%2Fmedia&parent=139"}],"wp:term":[{"taxonomy":"category","embeddable":true,"href":"https:\/\/blog.plenum.bio\/index.php?rest_route=%2Fwp%2Fv2%2Fcategories&post=139"},{"taxonomy":"post_tag","embeddable":true,"href":"https:\/\/blog.plenum.bio\/index.php?rest_route=%2Fwp%2Fv2%2Ftags&post=139"}],"curies":[{"name":"wp","href":"https:\/\/api.w.org\/{rel}","templated":true}]}}